{"id":4383,"date":"2023-05-31T09:00:00","date_gmt":"2023-05-31T07:00:00","guid":{"rendered":"https:\/\/digitalgovernance.unipv.it\/?p=4383"},"modified":"2023-06-26T17:54:29","modified_gmt":"2023-06-26T15:54:29","slug":"privacy-e-liberta","status":"publish","type":"post","link":"https:\/\/digitalgovernance.unipv.it\/edizione-2\/privacy-e-liberta\/","title":{"rendered":"Privacy \u00e8 libert\u00e0"},"content":{"rendered":"\n<p>Sabato 1\u00b0 luglio si svolger\u00e0, presso l&#8217;Istituto Universitario Pontificio Salesiano di Torino, il convegno Privacy \u00e8 Libert\u00e0, iniziativa di apertura dell&#8217;International School in Digital Governance che prender\u00e0 avvio il prossimo 2 ottobre presso l&#8217;Universit\u00e0 degli Studi di Pavia.<\/p>\n\n\n\n<p>La partecipazione all&#8217;evento \u00e8 gratuita!<\/p>\n\n\n\n<p>Interverranno al dibattito prestigiosi relatori tra cui il Prof. Claudio Bonvecchio ed il Dott. Agostino Ghiglia, col patrocinio dell&#8217;Autorit\u00e0 Garante per la Protezione dei Dati Personali.<\/p>\n\n\n\n<p>Sar\u00e0 possibile prenotarsi inviando una mail all&#8217;indirizzo digitalgovernance@unipv.it: sono disponibili solamente 100 posti.<\/p>\n\n\n\n<p><\/p>\n\n\n\n<div class=\"wp-block-file\"><a id=\"wp-block-file--media-571346cc-925d-4677-bc69-ab65289e6c1e\" href=\"https:\/\/digitalgovernance.unipv.it\/wp-content\/uploads\/sites\/3\/2023\/06\/Convegno-1-luglio-unipv.pdf\" target=\"_blank\" rel=\"noreferrer noopener\">Scarica la locandina per maggiori informazioni<\/a><\/div>\n","protected":false},"excerpt":{"rendered":"<p>Sabato 1\u00b0 luglio si svolger\u00e0, presso l&#8217;Istituto Universitario Pontificio Salesiano di Torino, il convegno Privacy \u00e8 Libert\u00e0, iniziativa di apertura dell&#8217;International School in Digital Governance che prender\u00e0 avvio il prossimo 2 ottobre presso l&#8217;Universit\u00e0 degli Studi di Pavia. La partecipazione all&#8217;evento \u00e8 gratuita! Interverranno al dibattito prestigiosi relatori tra cui il Prof. Claudio Bonvecchio ed [&hellip;]<\/p>\n","protected":false},"author":1,"featured_media":0,"comment_status":"closed","ping_status":"open","sticky":false,"template":"","format":"standard","meta":{"_et_pb_use_builder":"","_et_pb_old_content":"","_et_gb_content_width":"","footnotes":""},"categories":[1],"tags":[],"class_list":["post-4383","post","type-post","status-publish","format-standard","hentry","category-notizie"],"_links":{"self":[{"href":"https:\/\/digitalgovernance.unipv.it\/edizione-2\/wp-json\/wp\/v2\/posts\/4383"}],"collection":[{"href":"https:\/\/digitalgovernance.unipv.it\/edizione-2\/wp-json\/wp\/v2\/posts"}],"about":[{"href":"https:\/\/digitalgovernance.unipv.it\/edizione-2\/wp-json\/wp\/v2\/types\/post"}],"author":[{"embeddable":true,"href":"https:\/\/digitalgovernance.unipv.it\/edizione-2\/wp-json\/wp\/v2\/users\/1"}],"replies":[{"embeddable":true,"href":"https:\/\/digitalgovernance.unipv.it\/edizione-2\/wp-json\/wp\/v2\/comments?post=4383"}],"version-history":[{"count":5,"href":"https:\/\/digitalgovernance.unipv.it\/edizione-2\/wp-json\/wp\/v2\/posts\/4383\/revisions"}],"predecessor-version":[{"id":4404,"href":"https:\/\/digitalgovernance.unipv.it\/edizione-2\/wp-json\/wp\/v2\/posts\/4383\/revisions\/4404"}],"wp:attachment":[{"href":"https:\/\/digitalgovernance.unipv.it\/edizione-2\/wp-json\/wp\/v2\/media?parent=4383"}],"wp:term":[{"taxonomy":"category","embeddable":true,"href":"https:\/\/digitalgovernance.unipv.it\/edizione-2\/wp-json\/wp\/v2\/categories?post=4383"},{"taxonomy":"post_tag","embeddable":true,"href":"https:\/\/digitalgovernance.unipv.it\/edizione-2\/wp-json\/wp\/v2\/tags?post=4383"}],"curies":[{"name":"wp","href":"https:\/\/api.w.org\/{rel}","templated":true}]}}